{"id":2741,"date":"2019-07-20T11:55:20","date_gmt":"2019-07-20T09:55:20","guid":{"rendered":"https:\/\/side-ways.net\/blog\/?p=2741"},"modified":"2019-07-26T09:20:34","modified_gmt":"2019-07-26T07:20:34","slug":"popeye","status":"publish","type":"post","link":"https:\/\/side-ways.net\/blog\/popeye\/","title":{"rendered":"Le convoi SideWays \u00e9volue, avec un nouveau fourgon"},"content":{"rendered":"\n<p>Le camion bleu, sa cabane et son mini-jardin nomade. Notre embl\u00e8me, notre fid\u00e8le compagnon, qui nous accompagne partout depuis des ann\u00e9es. Pendant plus de trois ans, nous y avons v\u00e9cu \u00e0 deux. Il nous a permis d&rsquo;apprendre la m\u00e9canique progressivement, il nous a convertis \u00e0 la vie nomade, il a contribu\u00e9 \u00e0 notre \u00e9volution personnelle.<\/p>\n\n\n\n<figure class=\"wp-block-image\"><img loading=\"lazy\" decoding=\"async\" width=\"1024\" height=\"682\" src=\"https:\/\/side-ways.net\/blog\/wp-content\/uploads\/2019\/07\/SIDE4192-1024x682.jpg\" alt=\"Le camion bleu, notre fourgon am\u00e9nag\u00e9, qui nous accompagne depuis plus de 6 ans, au milieu d'un paysage d'Espagne\" class=\"wp-image-2757\" srcset=\"https:\/\/side-ways.net\/blog\/wp-content\/uploads\/2019\/07\/SIDE4192-1024x682.jpg 1024w, https:\/\/side-ways.net\/blog\/wp-content\/uploads\/2019\/07\/SIDE4192-300x200.jpg 300w, https:\/\/side-ways.net\/blog\/wp-content\/uploads\/2019\/07\/SIDE4192-768x512.jpg 768w, https:\/\/side-ways.net\/blog\/wp-content\/uploads\/2019\/07\/SIDE4192-600x400.jpg 600w, https:\/\/side-ways.net\/blog\/wp-content\/uploads\/2019\/07\/SIDE4192.jpg 2000w\" sizes=\"auto, (max-width: 1024px) 100vw, 1024px\" \/><\/figure>\n\n\n\n<p>Il y a trois ans, il s&rsquo;est agrandi. Une annexe a commenc\u00e9 \u00e0 l&rsquo;accompagner. La <a href=\"https:\/\/side-ways.net\/blog\/metamorphose-dune-caravane\/\">caravane jaune<\/a> : bureau mobile \/ chambre d&rsquo;amis \/ mini-cin\u00e9ma pour projeter des films partout. Nous avons pris go\u00fbt \u00e0 un peu plus d&rsquo;espace. Le camion a un peu souffert pour la trimbaler partout. Son petit moteur n&rsquo;est vraiment pas fait pour cela. Mais il a vaillamment rempli son office, et ce n&rsquo;est pas lui qui a rendu l&rsquo;\u00e2me : c&rsquo;est l&rsquo;essieu de la caravane. En plein hiver, il y a dix-huit mois, il a commenc\u00e9 \u00e0 plier sous le poids de son chargement. <\/p>\n\n\n\n<figure class=\"wp-block-image\"><img loading=\"lazy\" decoding=\"async\" width=\"1024\" height=\"683\" src=\"https:\/\/side-ways.net\/blog\/wp-content\/uploads\/2019\/07\/IMG_20171231_155921-02-1024x683.jpg\" alt=\"Le fourgon bleu am\u00e9nag\u00e9, avec la caravane jaune mini-cin\u00e9ma nomade.\" class=\"wp-image-2754\" srcset=\"https:\/\/side-ways.net\/blog\/wp-content\/uploads\/2019\/07\/IMG_20171231_155921-02-1024x683.jpg 1024w, https:\/\/side-ways.net\/blog\/wp-content\/uploads\/2019\/07\/IMG_20171231_155921-02-300x200.jpg 300w, https:\/\/side-ways.net\/blog\/wp-content\/uploads\/2019\/07\/IMG_20171231_155921-02-768x512.jpg 768w, https:\/\/side-ways.net\/blog\/wp-content\/uploads\/2019\/07\/IMG_20171231_155921-02-600x400.jpg 600w, https:\/\/side-ways.net\/blog\/wp-content\/uploads\/2019\/07\/IMG_20171231_155921-02.jpg 2000w\" sizes=\"auto, (max-width: 1024px) 100vw, 1024px\" \/><\/figure>\n\n\n\n<p>D&rsquo;Espagne, nous sommes revenus sur notre pied-\u00e0-terre limougeaud pour lui offrir une nouvelle barre de soutien. En attendant de trouver tous les \u00e9l\u00e9ments n\u00e9cessaires, nous avons poursuivi la route avec notre fid\u00e8le destrier bleu. La bo\u00eete de vitesse a commenc\u00e9 \u00e0 donner quelques signes de faiblesse. A-t-elle souffert de tracter une lourde charge sur des dizaines de milliers de kilom\u00e8tres ? Quoi qu&rsquo;il en soit, nous avons choisi de ne pas lui faire subir cette \u00e9preuve de mani\u00e8re continue. La caravane accompagnera encore le camion bleu sur des escales, des possibles projections, mais nous \u00e9viterons de la garder avec nous sur nos routes quotidiennes.<\/p>\n\n\n\n<figure class=\"wp-block-image\"><img loading=\"lazy\" decoding=\"async\" width=\"1024\" height=\"683\" src=\"https:\/\/side-ways.net\/blog\/wp-content\/uploads\/2019\/07\/IMG_0656-1-1024x683.jpg\" alt=\"R\u00e9paration d'essieu de la caravane qui s'est pli\u00e9\" class=\"wp-image-2756\" srcset=\"https:\/\/side-ways.net\/blog\/wp-content\/uploads\/2019\/07\/IMG_0656-1-1024x683.jpg 1024w, https:\/\/side-ways.net\/blog\/wp-content\/uploads\/2019\/07\/IMG_0656-1-300x200.jpg 300w, https:\/\/side-ways.net\/blog\/wp-content\/uploads\/2019\/07\/IMG_0656-1-768x512.jpg 768w, https:\/\/side-ways.net\/blog\/wp-content\/uploads\/2019\/07\/IMG_0656-1-600x400.jpg 600w, https:\/\/side-ways.net\/blog\/wp-content\/uploads\/2019\/07\/IMG_0656-1.jpg 1999w\" sizes=\"auto, (max-width: 1024px) 100vw, 1024px\" \/><figcaption>Changement de l&rsquo;essieu de la caravane<\/figcaption><\/figure>\n\n\n\n<p>L&rsquo;\u00e9volution \u00e9tait n\u00e9cessaire. Pour nos acolytes, mais aussi pour nous-m\u00eame. Sur les routes, nous r\u00eavions parfois de s\u00e9parer camion et caravane pour que chacun, un membre de l&rsquo;\u00e9quipage dans chaque v\u00e9hicule, puisse poursuivre la route, seul, pour se retrouver quelques pas plus loin, repos\u00e9 par une solitude parfois n\u00e9cessaire pour se prendre soin de soi. <\/p>\n\n\n\n<p>C&rsquo;est ainsi que l&rsquo;id\u00e9e d&rsquo;un autre camion est arriv\u00e9e. Un autre fid\u00e8le destrier, plus grand que le petit camion bleu, qui puisse accueillir l&rsquo;int\u00e9gralit\u00e9 de l&rsquo;\u00e9quipe confortablement. Comme \u00e0 son habitude, la vie nous a apport\u00e9 la r\u00e9ponse sur un plateau. Nous ne cherchions pas ce type de v\u00e9hicule, mais il \u00e9tait \u00e0 c\u00f4t\u00e9, attendant sagement que nous le regardions. Nous sommes tomb\u00e9s sous le charme de celui que nous appelons aujourd&rsquo;hui Popeye. Pourquoi Popeye ? Car il est costaud, bien carr\u00e9, et sa ligne bleue azur fait penser \u00e0 la mer. Bien qu&rsquo;\u00e0 peine plus grand que le camion bleu (10 cm de plus en longueur et en largeur), cette diff\u00e9rence change bien des choses. L&rsquo;am\u00e9nagement permet de gagner beaucoup d&rsquo;espace, ce n\u00e9cessaire espace de vie pour les longues soir\u00e9es d&rsquo;hiver.<\/p>\n\n\n\n<figure class=\"wp-block-image\"><img loading=\"lazy\" decoding=\"async\" width=\"1024\" height=\"682\" src=\"https:\/\/side-ways.net\/blog\/wp-content\/uploads\/2019\/07\/IMG_4719-1024x682.jpg\" alt=\"Popeye, le camion, au milieu d'un beau paysage\" class=\"wp-image-2745\" srcset=\"https:\/\/side-ways.net\/blog\/wp-content\/uploads\/2019\/07\/IMG_4719-1024x682.jpg 1024w, https:\/\/side-ways.net\/blog\/wp-content\/uploads\/2019\/07\/IMG_4719-300x200.jpg 300w, https:\/\/side-ways.net\/blog\/wp-content\/uploads\/2019\/07\/IMG_4719-768x512.jpg 768w, https:\/\/side-ways.net\/blog\/wp-content\/uploads\/2019\/07\/IMG_4719-600x400.jpg 600w, https:\/\/side-ways.net\/blog\/wp-content\/uploads\/2019\/07\/IMG_4719.jpg 2000w\" sizes=\"auto, (max-width: 1024px) 100vw, 1024px\" \/><\/figure>\n\n\n\n<p>Popeye a tr\u00e8s peu roul\u00e9 depuis l&rsquo;an 2000. Il a 35 ans, 141 000 km au compteur, il a dormi \u00e0 l&rsquo;abri d&rsquo;un hangar en attendant les vacances d&rsquo;un couple qui y a v\u00e9cu des moments heureux. Sa dormance l&rsquo;a fait souffrir car un v\u00e9hicule aime \u00eatre utilis\u00e9 r\u00e9guli\u00e8rement. Nous savions que les pannes seraient nombreuses au d\u00e9but car les \u00e9l\u00e9ments en caoutchouc, reprenant du service, allaient se fissurer les uns apr\u00e8s les autres. Mais gr\u00e2ce \u00e0 l&rsquo;exp\u00e9rience acquise au cours des derni\u00e8res ann\u00e9es, ces petits d\u00e9sagr\u00e9ments ne nous faisaient pas peur. Nous avons donc appris \u00e0 conna\u00eetre Popeye, les mains dans le cambouis quasiment toutes les deux semaines pendant les quatre premiers mois : ma\u00eetre-cylindre, durites, valves, alternateur, etc. <\/p>\n\n\n\n<p>Ce vieux C35 est fait de mat\u00e9riaux solides, rustiques, accessibles. La difficult\u00e9 principale r\u00e9side dans la raret\u00e9 des pi\u00e8ces, m\u00eame dans les casses. Il a fallu passer des dizaines et des dizaines de coups de fil pour trouver certains \u00e9l\u00e9ments. Mais nous avons aussi d\u00e9couvert les communaut\u00e9s de passionn\u00e9s qui n&rsquo;h\u00e9sitent pas \u00e0 partager leurs exp\u00e9riences et leurs conseils pour garder sur la route ces anc\u00eatres de t\u00f4le.<\/p>\n\n\n\n<figure class=\"wp-block-image\"><img loading=\"lazy\" decoding=\"async\" width=\"1024\" height=\"682\" src=\"https:\/\/side-ways.net\/blog\/wp-content\/uploads\/2019\/07\/IMG_4852-1024x682.jpg\" alt=\"Popeye, le fourgon am\u00e9nag\u00e9, pr\u00e8s d'une tour dans la campagne\" class=\"wp-image-2746\" srcset=\"https:\/\/side-ways.net\/blog\/wp-content\/uploads\/2019\/07\/IMG_4852-1024x682.jpg 1024w, https:\/\/side-ways.net\/blog\/wp-content\/uploads\/2019\/07\/IMG_4852-300x200.jpg 300w, https:\/\/side-ways.net\/blog\/wp-content\/uploads\/2019\/07\/IMG_4852-768x512.jpg 768w, https:\/\/side-ways.net\/blog\/wp-content\/uploads\/2019\/07\/IMG_4852-600x400.jpg 600w, https:\/\/side-ways.net\/blog\/wp-content\/uploads\/2019\/07\/IMG_4852.jpg 2000w\" sizes=\"auto, (max-width: 1024px) 100vw, 1024px\" \/><\/figure>\n\n\n\n<p><a href=\"https:\/\/side-ways.net\/blog\/4eme-hiver-en-camion-amenage-et-on-sen-sort-plutot-bien\/\">L&rsquo;hiver en Espagne<\/a> nous a permis de nous l&rsquo;approprier. Sa caisse arri\u00e8re est devenu notre indispensable bo\u00eete \u00e0 outils. Comme un retour aux sources, c&rsquo;est chez Juan Anton (<a href=\"http:\/\/side-ways.net\/episode5\">\u00e9pisode 5<\/a>), celui qui nous a donn\u00e9 l&rsquo;id\u00e9e du potager sur le camion bleu, que nous avons fabriqu\u00e9 la serre-potager de Popeye. Deux camions, deux bo\u00eetes \u00e0 outils, deux jardins. Ce n&rsquo;est pas juste un jeu, c&rsquo;est une partie de nous-m\u00eame.<\/p>\n\n\n\n<p>Retour en France au printemps. Les deux camions poursuivent leur route s\u00e9par\u00e9ment, ils se retrouvent, leur \u00e9quipage va de l&rsquo;un \u00e0 l&rsquo;autre, embarque parfois la caravane pour une projection. La route se poursuit \u00e0 plusieurs, au gr\u00e9 des humeurs et des envies. <\/p>\n\n\n\n<p>Bienvenue \u00e0 toi, Popeye, nouveau membre \u00e0 part enti\u00e8re de l&rsquo;\u00e9quipe SideWays.<\/p>\n\n\n\n<figure class=\"wp-block-image\"><img loading=\"lazy\" decoding=\"async\" width=\"1024\" height=\"682\" src=\"https:\/\/side-ways.net\/blog\/wp-content\/uploads\/2019\/07\/SIDE3471-1024x682.jpg\" alt=\"Le camion bleu et Popeye, l'autre fourgon am\u00e9nag\u00e9, pr\u00e8s d'un lac dans la nature.\" class=\"wp-image-2755\" srcset=\"https:\/\/side-ways.net\/blog\/wp-content\/uploads\/2019\/07\/SIDE3471-1024x682.jpg 1024w, https:\/\/side-ways.net\/blog\/wp-content\/uploads\/2019\/07\/SIDE3471-300x200.jpg 300w, https:\/\/side-ways.net\/blog\/wp-content\/uploads\/2019\/07\/SIDE3471-768x512.jpg 768w, https:\/\/side-ways.net\/blog\/wp-content\/uploads\/2019\/07\/SIDE3471-600x400.jpg 600w, https:\/\/side-ways.net\/blog\/wp-content\/uploads\/2019\/07\/SIDE3471.jpg 2000w\" sizes=\"auto, (max-width: 1024px) 100vw, 1024px\" \/><figcaption>Le camion bleu et Popeye, au bord d&rsquo;un lac.<\/figcaption><\/figure>\n\n\n\n<hr class=\"wp-block-separator\"\/>\n\n\n\n<h4 class=\"wp-block-heading\"><em><strong>Retrouvez aussi nos autres articles sur la vie en camion am\u00e9nag\u00e9<\/strong><\/em><\/h4>\n\n\n\n<p><em>\u2013 M\u00e9tamorphose d\u2019une caravane (<a href=\"https:\/\/side-ways.net\/blog\/metamorphose-dune-caravane\/\">lire l&rsquo;article<\/a>)<br>\u2013 Les r\u00e9actions des forces de l\u2019ordre face au camion bleu, sa cabane et son potager (<\/em><a href=\"https:\/\/side-ways.net\/blog\/les-reactions-des-forces-de-lordre-face-au-camion\/\"><em>lire l\u2019article<\/em><\/a><em>)<br>\u2013 Pour ceux qui veulent, un jour, vivre en camion, van ou fourgon am\u00e9nag\u00e9 (<\/em><a href=\"https:\/\/side-ways.net\/blog\/pour-ceux-qui-veulent-un-jour-vivre-en-camion\/\"><em>lire l\u2019article<\/em><\/a><em>)<br>\u2013 Le co\u00fbt de la vie en camion am\u00e9nag\u00e9 ? Retour chiffr\u00e9 de 4 ann\u00e9es sur les routes (<a href=\"https:\/\/side-ways.net\/blog\/le-cout-de-la-vie-en-camion-amenage-retour-chiffre-de-4-annees-sur-les-routes\/\">lire l&rsquo;article<\/a>)<br>Et d\u2019autres article encore dans la rubrique \u201c<a href=\"https:\/\/side-ways.net\/blog\/category\/making-of\/la-vie-en-camion\/\">la vie en camion<\/a>\u201d !<\/em><\/p>\n\n\n\n<p><\/p>\n","protected":false},"excerpt":{"rendered":"<p>Le camion bleu, c&rsquo;est notre premier compagnon. Il est parfois accompagn\u00e9 par la caravane jaune, le bureau\/cin\u00e9ma. D\u00e9sormais, un autre compagnon de route pourra se trouver \u00e0 ses c\u00f4t\u00e9 ou \u00e0 vivre se vie sans lui. Popeye, c&rsquo;est le nouveau fourgon SideWays.<\/p>\n","protected":false},"author":1,"featured_media":2745,"comment_status":"open","ping_status":"open","sticky":false,"template":"","format":"standard","meta":{"_uag_custom_page_level_css":"","neve_meta_sidebar":"","neve_meta_container":"","neve_meta_enable_content_width":"","neve_meta_content_width":0,"neve_meta_title_alignment":"","neve_meta_author_avatar":"","neve_post_elements_order":"","neve_meta_disable_header":"","neve_meta_disable_footer":"","neve_meta_disable_title":"","jetpack_post_was_ever_published":false,"_jetpack_newsletter_access":"","_jetpack_dont_email_post_to_subs":false,"_jetpack_newsletter_tier_id":0,"_jetpack_memberships_contains_paywalled_content":false,"_jetpack_memberships_contains_paid_content":false,"footnotes":"","jetpack_publicize_message":"","jetpack_publicize_feature_enabled":true,"jetpack_social_post_already_shared":true,"jetpack_social_options":{"image_generator_settings":{"template":"highway","default_image_id":0,"font":"","enabled":false},"version":2}},"categories":[4,1],"tags":[],"class_list":["post-2741","post","type-post","status-publish","format-standard","has-post-thumbnail","hentry","category-la-vie-en-camion","category-les-nouvelles"],"jetpack_publicize_connections":[],"jetpack_featured_media_url":"https:\/\/side-ways.net\/blog\/wp-content\/uploads\/2019\/07\/IMG_4719.jpg","uagb_featured_image_src":{"full":["https:\/\/side-ways.net\/blog\/wp-content\/uploads\/2019\/07\/IMG_4719.jpg",2000,1333,false],"thumbnail":["https:\/\/side-ways.net\/blog\/wp-content\/uploads\/2019\/07\/IMG_4719-150x150.jpg",150,150,true],"medium":["https:\/\/side-ways.net\/blog\/wp-content\/uploads\/2019\/07\/IMG_4719-300x200.jpg",300,200,true],"medium_large":["https:\/\/side-ways.net\/blog\/wp-content\/uploads\/2019\/07\/IMG_4719-768x512.jpg",768,512,true],"large":["https:\/\/side-ways.net\/blog\/wp-content\/uploads\/2019\/07\/IMG_4719-1024x682.jpg",1024,682,true],"1536x1536":["https:\/\/side-ways.net\/blog\/wp-content\/uploads\/2019\/07\/IMG_4719.jpg",1536,1024,false],"2048x2048":["https:\/\/side-ways.net\/blog\/wp-content\/uploads\/2019\/07\/IMG_4719.jpg",2000,1333,false],"neve-blog":["https:\/\/side-ways.net\/blog\/wp-content\/uploads\/2019\/07\/IMG_4719.jpg",930,620,false],"mailpoet_newsletter_max":["https:\/\/side-ways.net\/blog\/wp-content\/uploads\/2019\/07\/IMG_4719.jpg",1320,880,false]},"uagb_author_info":{"display_name":"SideWays, la webs\u00e9rie itin\u00e9rante","author_link":"https:\/\/side-ways.net\/blog\/author\/blog_sw\/"},"uagb_comment_info":8,"uagb_excerpt":"Le camion bleu, c'est notre premier compagnon. Il est parfois accompagn\u00e9 par la caravane jaune, le bureau\/cin\u00e9ma. D\u00e9sormais, un autre compagnon de route pourra se trouver \u00e0 ses c\u00f4t\u00e9 ou \u00e0 vivre se vie sans lui. Popeye, c'est le nouveau fourgon SideWays.","jetpack_sharing_enabled":true,"jetpack_shortlink":"https:\/\/wp.me\/s8l8Aa-popeye","jetpack-related-posts":[{"id":1607,"url":"https:\/\/side-ways.net\/blog\/metamorphose-dune-caravane\/","url_meta":{"origin":2741,"position":0},"title":"M\u00e9tamorphose d&rsquo;une caravane","author":"SideWays, la webs\u00e9rie itin\u00e9rante","date":"13 d\u00e9cembre 2017","format":false,"excerpt":"Voici plusieurs mois que le camion bleu n'est plus tout seul. Il est accompagn\u00e9 d'une nouvelle amie : la caravane jaune ! Nous vous en avons parl\u00e9, nous avons publi\u00e9 quelques photos, mais il \u00e9tait temps que nous vous la pr\u00e9sentions officiellement. Voici donc la \"Caravane des autres possibles\", mini-salle\u2026","rel":"","context":"Dans &quot;La vie en camion&quot;","block_context":{"text":"La vie en camion","link":"https:\/\/side-ways.net\/blog\/category\/making-of\/la-vie-en-camion\/"},"img":{"alt_text":"","src":"https:\/\/i0.wp.com\/side-ways.net\/blog\/wp-content\/uploads\/2017\/12\/2.jpg?resize=350%2C200&ssl=1","width":350,"height":200,"srcset":"https:\/\/i0.wp.com\/side-ways.net\/blog\/wp-content\/uploads\/2017\/12\/2.jpg?resize=350%2C200&ssl=1 1x, https:\/\/i0.wp.com\/side-ways.net\/blog\/wp-content\/uploads\/2017\/12\/2.jpg?resize=525%2C300&ssl=1 1.5x, https:\/\/i0.wp.com\/side-ways.net\/blog\/wp-content\/uploads\/2017\/12\/2.jpg?resize=700%2C400&ssl=1 2x, https:\/\/i0.wp.com\/side-ways.net\/blog\/wp-content\/uploads\/2017\/12\/2.jpg?resize=1050%2C600&ssl=1 3x, https:\/\/i0.wp.com\/side-ways.net\/blog\/wp-content\/uploads\/2017\/12\/2.jpg?resize=1400%2C800&ssl=1 4x"},"classes":[]},{"id":2285,"url":"https:\/\/side-ways.net\/blog\/ouest-france-presente-sideways-a-loccasion-dune-projection-pres-de-rennes\/","url_meta":{"origin":2741,"position":1},"title":"Ouest-France pr\u00e9sente SideWays \u00e0 l&rsquo;occasion d&rsquo;une projection pr\u00e8s de Rennes","author":"SideWays, la webs\u00e9rie itin\u00e9rante","date":"4 juillet 2018","format":false,"excerpt":"L'article est \u00e9galement disponible en version web sur le site de Ouest-France. --- --- La webs\u00e9rie SideWays est de passage Depuis cinq ans, H\u00e9l\u00e8ne Legay et Benoit Cassegrain parcourent l'Europe \u00e0 bord de leur Renault Trafic bleu. Ils vont \u00e0 la d\u00e9couverte de personnes et d'initiatives contribuant \u00e0 un monde\u2026","rel":"","context":"Dans &quot;Revue de presse&quot;","block_context":{"text":"Revue de presse","link":"https:\/\/side-ways.net\/blog\/category\/revue-de-presse\/"},"img":{"alt_text":"","src":"https:\/\/i0.wp.com\/side-ways.net\/blog\/wp-content\/uploads\/2018\/07\/OF_27_06_2018_ArticleSideWays-724x1024-1.jpg?resize=350%2C200&ssl=1","width":350,"height":200,"srcset":"https:\/\/i0.wp.com\/side-ways.net\/blog\/wp-content\/uploads\/2018\/07\/OF_27_06_2018_ArticleSideWays-724x1024-1.jpg?resize=350%2C200&ssl=1 1x, https:\/\/i0.wp.com\/side-ways.net\/blog\/wp-content\/uploads\/2018\/07\/OF_27_06_2018_ArticleSideWays-724x1024-1.jpg?resize=525%2C300&ssl=1 1.5x"},"classes":[]},{"id":455,"url":"https:\/\/side-ways.net\/blog\/six-mois-a-bord-dun-camion-amenage-retour-sur-ce\/","url_meta":{"origin":2741,"position":2},"title":"Six mois \u00e0 bord d&rsquo;un camion am\u00e9nag\u00e9, retour sur ce choix (de vie) &#8211; par Benoit","author":"SideWays, la webs\u00e9rie itin\u00e9rante","date":"2 d\u00e9cembre 2013","format":"gallery","excerpt":"Vivre en camion, je l\u2019ai dans un coin de ma t\u00eate depuis longtemps, au moins depuis l\u2019Asian Projekt\u00a0(Web-Reporter) en 2007 o\u00f9 nous parcourions l\u2019Asie sac sur le dos et pouce lev\u00e9. Ce projet \u00e0 l\u2019\u00e9poque \u00e9tait une vraie r\u00e9v\u00e9lation. J\u2019adorais ce sentiment de libert\u00e9 procur\u00e9 par le \u00ab nomadisme \u00bb\u2026","rel":"","context":"Dans &quot;La vie en camion&quot;","block_context":{"text":"La vie en camion","link":"https:\/\/side-ways.net\/blog\/category\/making-of\/la-vie-en-camion\/"},"img":{"alt_text":"","src":"https:\/\/i0.wp.com\/side-ways.net\/blog\/wp-content\/uploads\/2013\/12\/tumblr_mx4qvvawds1s98d6no8_r1_1280.jpg?resize=350%2C200&ssl=1","width":350,"height":200,"srcset":"https:\/\/i0.wp.com\/side-ways.net\/blog\/wp-content\/uploads\/2013\/12\/tumblr_mx4qvvawds1s98d6no8_r1_1280.jpg?resize=350%2C200&ssl=1 1x, https:\/\/i0.wp.com\/side-ways.net\/blog\/wp-content\/uploads\/2013\/12\/tumblr_mx4qvvawds1s98d6no8_r1_1280.jpg?resize=525%2C300&ssl=1 1.5x, https:\/\/i0.wp.com\/side-ways.net\/blog\/wp-content\/uploads\/2013\/12\/tumblr_mx4qvvawds1s98d6no8_r1_1280.jpg?resize=700%2C400&ssl=1 2x, https:\/\/i0.wp.com\/side-ways.net\/blog\/wp-content\/uploads\/2013\/12\/tumblr_mx4qvvawds1s98d6no8_r1_1280.jpg?resize=1050%2C600&ssl=1 3x"},"classes":[]},{"id":3736,"url":"https:\/\/side-ways.net\/blog\/photos-et-anecdotes-de-vie-sur-la-route\/","url_meta":{"origin":2741,"position":3},"title":"Photos et anecdotes de vie sur la route","author":"SideWays, la webs\u00e9rie itin\u00e9rante","date":"10 juin 2021","format":false,"excerpt":"Le livre de tous les reportages de SideWays sort en librairie le 7 octobre !Pendant la r\u00e9daction, nous nous sommes replong\u00e9s dans nos archives, et il y a tellement d'anecdotes et de photos que l'on n'a pas publi\u00e9es. Alors on en profite, c'est le moment de les partager ! Nous\u2026","rel":"","context":"Dans &quot;La vie en camion&quot;","block_context":{"text":"La vie en camion","link":"https:\/\/side-ways.net\/blog\/category\/making-of\/la-vie-en-camion\/"},"img":{"alt_text":"","src":"https:\/\/i0.wp.com\/side-ways.net\/blog\/wp-content\/uploads\/2021\/06\/191224601_311177407243196_5898088338960743516_n.jpg?resize=350%2C200&ssl=1","width":350,"height":200,"srcset":"https:\/\/i0.wp.com\/side-ways.net\/blog\/wp-content\/uploads\/2021\/06\/191224601_311177407243196_5898088338960743516_n.jpg?resize=350%2C200&ssl=1 1x, https:\/\/i0.wp.com\/side-ways.net\/blog\/wp-content\/uploads\/2021\/06\/191224601_311177407243196_5898088338960743516_n.jpg?resize=525%2C300&ssl=1 1.5x, https:\/\/i0.wp.com\/side-ways.net\/blog\/wp-content\/uploads\/2021\/06\/191224601_311177407243196_5898088338960743516_n.jpg?resize=700%2C400&ssl=1 2x, https:\/\/i0.wp.com\/side-ways.net\/blog\/wp-content\/uploads\/2021\/06\/191224601_311177407243196_5898088338960743516_n.jpg?resize=1050%2C600&ssl=1 3x, https:\/\/i0.wp.com\/side-ways.net\/blog\/wp-content\/uploads\/2021\/06\/191224601_311177407243196_5898088338960743516_n.jpg?resize=1400%2C800&ssl=1 4x"},"classes":[]},{"id":1224,"url":"https:\/\/side-ways.net\/blog\/actualites-instantanees-mars-2017\/","url_meta":{"origin":2741,"position":4},"title":"Les nouvelles de la route &#8211; f\u00e9vrier\/mars 2017","author":"SideWays, la webs\u00e9rie itin\u00e9rante","date":"23 mars 2017","format":false,"excerpt":"Petite journ\u00e9e m\u00e9canique impr\u00e9vue \u00e0 Lyon. Les passants s'arr\u00eatent pour discuter et nous encouragent... ou comment une situation pas tr\u00e8s dr\u00f4le finie par devenir sympathique ! #camion #nomade #sourires 11 mars Jusqu'\u00e0 ce soir encore, au salon Salon Primev\u00e8re - Eurexpo Lyon avec nos copains du Journal L'\u00e2ge de Faire.\u2026","rel":"","context":"Dans &quot;Les nouvelles du projet&quot;","block_context":{"text":"Les nouvelles du projet","link":"https:\/\/side-ways.net\/blog\/category\/making-of\/les-nouvelles\/"},"img":{"alt_text":"","src":"https:\/\/i0.wp.com\/side-ways.net\/blog\/wp-content\/uploads\/2017\/03\/16422876_1522781841080228_4332020467116014191_o.jpg?resize=350%2C200&ssl=1","width":350,"height":200,"srcset":"https:\/\/i0.wp.com\/side-ways.net\/blog\/wp-content\/uploads\/2017\/03\/16422876_1522781841080228_4332020467116014191_o.jpg?resize=350%2C200&ssl=1 1x, https:\/\/i0.wp.com\/side-ways.net\/blog\/wp-content\/uploads\/2017\/03\/16422876_1522781841080228_4332020467116014191_o.jpg?resize=525%2C300&ssl=1 1.5x, https:\/\/i0.wp.com\/side-ways.net\/blog\/wp-content\/uploads\/2017\/03\/16422876_1522781841080228_4332020467116014191_o.jpg?resize=700%2C400&ssl=1 2x, https:\/\/i0.wp.com\/side-ways.net\/blog\/wp-content\/uploads\/2017\/03\/16422876_1522781841080228_4332020467116014191_o.jpg?resize=1050%2C600&ssl=1 3x, https:\/\/i0.wp.com\/side-ways.net\/blog\/wp-content\/uploads\/2017\/03\/16422876_1522781841080228_4332020467116014191_o.jpg?resize=1400%2C800&ssl=1 4x"},"classes":[]},{"id":235,"url":"https:\/\/side-ways.net\/blog\/pour-ceux-qui-veulent-un-jour-vivre-en-camion\/","url_meta":{"origin":2741,"position":5},"title":"Pour ceux qui veulent un jour vivre en camion am\u00e9nag\u00e9\u2026","author":"SideWays, la webs\u00e9rie itin\u00e9rante","date":"13 octobre 2014","format":"gallery","excerpt":"Notre camion avait \u00e9t\u00e9 am\u00e9nag\u00e9 par un pro* et tr\u00e8s bien pens\u00e9 : au final, dans environ 7 m\u00b2, il y a une cuisine, un lit qui se transforme en bureau, une douche, des toilettes, un chauffe-eau. Bref, tout le confort d'un appartement. Le plus impressionnant est qu'il est si\u2026","rel":"","context":"Dans &quot;La vie en camion&quot;","block_context":{"text":"La vie en camion","link":"https:\/\/side-ways.net\/blog\/category\/making-of\/la-vie-en-camion\/"},"img":{"alt_text":"","src":"https:\/\/i0.wp.com\/side-ways.net\/blog\/wp-content\/uploads\/2014\/10\/tumblr_nddlhdvnok1s98d6no3_1280.jpg?resize=350%2C200&ssl=1","width":350,"height":200,"srcset":"https:\/\/i0.wp.com\/side-ways.net\/blog\/wp-content\/uploads\/2014\/10\/tumblr_nddlhdvnok1s98d6no3_1280.jpg?resize=350%2C200&ssl=1 1x, https:\/\/i0.wp.com\/side-ways.net\/blog\/wp-content\/uploads\/2014\/10\/tumblr_nddlhdvnok1s98d6no3_1280.jpg?resize=525%2C300&ssl=1 1.5x, https:\/\/i0.wp.com\/side-ways.net\/blog\/wp-content\/uploads\/2014\/10\/tumblr_nddlhdvnok1s98d6no3_1280.jpg?resize=700%2C400&ssl=1 2x, https:\/\/i0.wp.com\/side-ways.net\/blog\/wp-content\/uploads\/2014\/10\/tumblr_nddlhdvnok1s98d6no3_1280.jpg?resize=1050%2C600&ssl=1 3x"},"classes":[]}],"_links":{"self":[{"href":"https:\/\/side-ways.net\/blog\/wp-json\/wp\/v2\/posts\/2741","targetHints":{"allow":["GET"]}}],"collection":[{"href":"https:\/\/side-ways.net\/blog\/wp-json\/wp\/v2\/posts"}],"about":[{"href":"https:\/\/side-ways.net\/blog\/wp-json\/wp\/v2\/types\/post"}],"author":[{"embeddable":true,"href":"https:\/\/side-ways.net\/blog\/wp-json\/wp\/v2\/users\/1"}],"replies":[{"embeddable":true,"href":"https:\/\/side-ways.net\/blog\/wp-json\/wp\/v2\/comments?post=2741"}],"version-history":[{"count":7,"href":"https:\/\/side-ways.net\/blog\/wp-json\/wp\/v2\/posts\/2741\/revisions"}],"predecessor-version":[{"id":2805,"href":"https:\/\/side-ways.net\/blog\/wp-json\/wp\/v2\/posts\/2741\/revisions\/2805"}],"wp:featuredmedia":[{"embeddable":true,"href":"https:\/\/side-ways.net\/blog\/wp-json\/wp\/v2\/media\/2745"}],"wp:attachment":[{"href":"https:\/\/side-ways.net\/blog\/wp-json\/wp\/v2\/media?parent=2741"}],"wp:term":[{"taxonomy":"category","embeddable":true,"href":"https:\/\/side-ways.net\/blog\/wp-json\/wp\/v2\/categories?post=2741"},{"taxonomy":"post_tag","embeddable":true,"href":"https:\/\/side-ways.net\/blog\/wp-json\/wp\/v2\/tags?post=2741"}],"curies":[{"name":"wp","href":"https:\/\/api.w.org\/{rel}","templated":true}]}}