{"id":1475,"date":"2017-06-08T16:07:00","date_gmt":"2017-06-08T14:07:00","guid":{"rendered":"http:\/\/side-ways.net\/blog\/?p=1475"},"modified":"2017-06-18T16:13:22","modified_gmt":"2017-06-18T14:13:22","slug":"le-reveil-de-neufchatel-presente-sideways-la-webserie-itinerante","status":"publish","type":"post","link":"https:\/\/side-ways.net\/blog\/le-reveil-de-neufchatel-presente-sideways-la-webserie-itinerante\/","title":{"rendered":"Le R\u00e9veil de Neufch\u00e2tel pr\u00e9sente SideWays, la webs\u00e9rie itin\u00e9rante."},"content":{"rendered":"<p>A l&rsquo;occasion de notre mini tourn\u00e9e de projections en Seine-Maritime, Ana\u00efs Grammatico du Reveil de Neufch\u00e2tel nous a pos\u00e9 quelques questions. L&rsquo;article est paru le jeudi 8 juin, \u00e0 la veille de la projection chez I.C.Art \u00e0 Fontaine-en-Bray.<\/p>\n<p>Un extrait de l&rsquo;article est \u00e9galement en ligne <a href=\"https:\/\/actu.fr\/societe\/webserie-le-couple-sillonne-la-france-pour-filmer-une-autre-maniere-de-vivre_4854299.html\">sur le site du journal<\/a>.<\/p>\n<p><em>Cliquez sur l&rsquo;image pour voir l&rsquo;article en grand.<\/em><\/p>\n<p><a href=\"http:\/\/side-ways.net\/blog\/wp-content\/uploads\/2017\/06\/IMG_9318.jpg\"><img loading=\"lazy\" decoding=\"async\" class=\"alignright wp-image-1476 size-large\" src=\"http:\/\/side-ways.net\/blog\/wp-content\/uploads\/2017\/06\/IMG_9318-875x1024.jpg\" alt=\"\" width=\"790\" height=\"925\" srcset=\"https:\/\/side-ways.net\/blog\/wp-content\/uploads\/2017\/06\/IMG_9318-875x1024.jpg 875w, https:\/\/side-ways.net\/blog\/wp-content\/uploads\/2017\/06\/IMG_9318-256x300.jpg 256w, https:\/\/side-ways.net\/blog\/wp-content\/uploads\/2017\/06\/IMG_9318-768x899.jpg 768w, https:\/\/side-ways.net\/blog\/wp-content\/uploads\/2017\/06\/IMG_9318-600x702.jpg 600w\" sizes=\"auto, (max-width: 790px) 100vw, 790px\" \/><\/a><\/p>\n","protected":false},"excerpt":{"rendered":"<p>A l&rsquo;occasion de notre mini tourn\u00e9e de projections en Seine-Maritime, Ana\u00efs Grammatico du Reveil de Neufch\u00e2tel nous a pos\u00e9 quelques questions. L&rsquo;article est paru le jeudi 8 juin, \u00e0 la veille de la projection chez I.C.Art \u00e0 Fontaine-en-Bray. Un extrait de l&rsquo;article est \u00e9galement en ligne sur le site du journal. Cliquez sur l&rsquo;image pour&hellip;&nbsp;<a href=\"https:\/\/side-ways.net\/blog\/le-reveil-de-neufchatel-presente-sideways-la-webserie-itinerante\/\" rel=\"bookmark\">Lire la suite &raquo;<span class=\"screen-reader-text\">Le R\u00e9veil de Neufch\u00e2tel pr\u00e9sente SideWays, la webs\u00e9rie itin\u00e9rante.<\/span><\/a><\/p>\n","protected":false},"author":1,"featured_media":1476,"comment_status":"open","ping_status":"open","sticky":false,"template":"","format":"standard","meta":{"_uag_custom_page_level_css":"","neve_meta_sidebar":"","neve_meta_container":"","neve_meta_enable_content_width":"","neve_meta_content_width":0,"neve_meta_title_alignment":"","neve_meta_author_avatar":"","neve_post_elements_order":"","neve_meta_disable_header":"","neve_meta_disable_footer":"","neve_meta_disable_title":"","jetpack_post_was_ever_published":false,"_jetpack_newsletter_access":"","_jetpack_dont_email_post_to_subs":false,"_jetpack_newsletter_tier_id":0,"_jetpack_memberships_contains_paywalled_content":false,"_jetpack_memberships_contains_paid_content":false,"footnotes":"","jetpack_publicize_message":"","jetpack_publicize_feature_enabled":true,"jetpack_social_post_already_shared":true,"jetpack_social_options":{"image_generator_settings":{"template":"highway","default_image_id":0,"font":"","enabled":false},"version":2}},"categories":[17],"tags":[],"class_list":["post-1475","post","type-post","status-publish","format-standard","has-post-thumbnail","hentry","category-revue-de-presse"],"jetpack_publicize_connections":[],"jetpack_featured_media_url":"https:\/\/side-ways.net\/blog\/wp-content\/uploads\/2017\/06\/IMG_9318.jpg","uagb_featured_image_src":{"full":["https:\/\/side-ways.net\/blog\/wp-content\/uploads\/2017\/06\/IMG_9318.jpg",3054,3575,false],"thumbnail":["https:\/\/side-ways.net\/blog\/wp-content\/uploads\/2017\/06\/IMG_9318-150x150.jpg",150,150,true],"medium":["https:\/\/side-ways.net\/blog\/wp-content\/uploads\/2017\/06\/IMG_9318-256x300.jpg",256,300,true],"medium_large":["https:\/\/side-ways.net\/blog\/wp-content\/uploads\/2017\/06\/IMG_9318-768x899.jpg",768,899,true],"large":["https:\/\/side-ways.net\/blog\/wp-content\/uploads\/2017\/06\/IMG_9318-875x1024.jpg",875,1024,true],"1536x1536":["https:\/\/side-ways.net\/blog\/wp-content\/uploads\/2017\/06\/IMG_9318.jpg",1312,1536,false],"2048x2048":["https:\/\/side-ways.net\/blog\/wp-content\/uploads\/2017\/06\/IMG_9318.jpg",1750,2048,false],"neve-blog":["https:\/\/side-ways.net\/blog\/wp-content\/uploads\/2017\/06\/IMG_9318.jpg",530,620,false],"mailpoet_newsletter_max":["https:\/\/side-ways.net\/blog\/wp-content\/uploads\/2017\/06\/IMG_9318.jpg",1320,1545,false]},"uagb_author_info":{"display_name":"SideWays, la webs\u00e9rie itin\u00e9rante","author_link":"https:\/\/side-ways.net\/blog\/author\/blog_sw\/"},"uagb_comment_info":0,"uagb_excerpt":"A l&rsquo;occasion de notre mini tourn\u00e9e de projections en Seine-Maritime, Ana\u00efs Grammatico du Reveil de Neufch\u00e2tel nous a pos\u00e9 quelques questions. L&rsquo;article est paru le jeudi 8 juin, \u00e0 la veille de la projection chez I.C.Art \u00e0 Fontaine-en-Bray. Un extrait de l&rsquo;article est \u00e9galement en ligne sur le site du journal. Cliquez sur l&rsquo;image pour&hellip;&nbsp;Lire\u2026","jetpack_sharing_enabled":true,"jetpack_shortlink":"https:\/\/wp.me\/p8l8Aa-nN","jetpack-related-posts":[{"id":2496,"url":"https:\/\/side-ways.net\/blog\/clapotis-clapotas-cest-le-bruit-de-la-pluie-sur-mon-toit\/","url_meta":{"origin":1475,"position":0},"title":"Clapotis, clapotas, c&rsquo;est le bruit de la pluie sur mon toit&#8230;","author":"SideWays, la webs\u00e9rie itin\u00e9rante","date":"28 octobre 2018","format":false,"excerpt":"\u00c7a faisait tellement longtemps qu'on ne l'avait pas entendu qu'on le red\u00e9couvre. La vie en camion am\u00e9nag\u00e9 nous a fait d\u00e9couvrir la vie au rythme des \u00e9l\u00e9ments. On ne peut ignorer le temps qu'il fait : le soleil, la chaleur, la lumi\u00e8re, l'humidit\u00e9, le froid, la nuit. On a appris\u2026","rel":"","context":"Dans &quot;La vie en camion&quot;","block_context":{"text":"La vie en camion","link":"https:\/\/side-ways.net\/blog\/category\/making-of\/la-vie-en-camion\/"},"img":{"alt_text":"","src":"https:\/\/i0.wp.com\/side-ways.net\/blog\/wp-content\/uploads\/2018\/10\/44985049_2479870495371353_4134980799311118336_o.jpg?resize=350%2C200&ssl=1","width":350,"height":200,"srcset":"https:\/\/i0.wp.com\/side-ways.net\/blog\/wp-content\/uploads\/2018\/10\/44985049_2479870495371353_4134980799311118336_o.jpg?resize=350%2C200&ssl=1 1x, https:\/\/i0.wp.com\/side-ways.net\/blog\/wp-content\/uploads\/2018\/10\/44985049_2479870495371353_4134980799311118336_o.jpg?resize=525%2C300&ssl=1 1.5x, https:\/\/i0.wp.com\/side-ways.net\/blog\/wp-content\/uploads\/2018\/10\/44985049_2479870495371353_4134980799311118336_o.jpg?resize=700%2C400&ssl=1 2x, https:\/\/i0.wp.com\/side-ways.net\/blog\/wp-content\/uploads\/2018\/10\/44985049_2479870495371353_4134980799311118336_o.jpg?resize=1050%2C600&ssl=1 3x, https:\/\/i0.wp.com\/side-ways.net\/blog\/wp-content\/uploads\/2018\/10\/44985049_2479870495371353_4134980799311118336_o.jpg?resize=1400%2C800&ssl=1 4x"},"classes":[]},{"id":2813,"url":"https:\/\/side-ways.net\/blog\/vivre-en-camion-confort\/","url_meta":{"origin":1475,"position":1},"title":"Vivre en camion, c\u2019est perdre son confort ?","author":"SideWays, la webs\u00e9rie itin\u00e9rante","date":"27 septembre 2019","format":false,"excerpt":"Que signifie perdre son confort\u00a0? Un petit camion bien am\u00e9nag\u00e9, c\u2019est une chouette maison bien confortable. Certes, nous ne sommes pas reli\u00e9s aux r\u00e9seaux, nous allons chercher notre eau, nous produisons notre \u00e9lectricit\u00e9. Il n\u2019y a pas de thermostat sur le chauffage et on fait chauffer l\u2019eau pour prendre sa\u2026","rel":"","context":"Dans &quot;La vie en camion&quot;","block_context":{"text":"La vie en camion","link":"https:\/\/side-ways.net\/blog\/category\/making-of\/la-vie-en-camion\/"},"img":{"alt_text":"","src":"https:\/\/i0.wp.com\/side-ways.net\/blog\/wp-content\/uploads\/2019\/09\/IMG_4352_2000px.jpg?resize=350%2C200&ssl=1","width":350,"height":200,"srcset":"https:\/\/i0.wp.com\/side-ways.net\/blog\/wp-content\/uploads\/2019\/09\/IMG_4352_2000px.jpg?resize=350%2C200&ssl=1 1x, https:\/\/i0.wp.com\/side-ways.net\/blog\/wp-content\/uploads\/2019\/09\/IMG_4352_2000px.jpg?resize=525%2C300&ssl=1 1.5x, https:\/\/i0.wp.com\/side-ways.net\/blog\/wp-content\/uploads\/2019\/09\/IMG_4352_2000px.jpg?resize=700%2C400&ssl=1 2x, https:\/\/i0.wp.com\/side-ways.net\/blog\/wp-content\/uploads\/2019\/09\/IMG_4352_2000px.jpg?resize=1050%2C600&ssl=1 3x, https:\/\/i0.wp.com\/side-ways.net\/blog\/wp-content\/uploads\/2019\/09\/IMG_4352_2000px.jpg?resize=1400%2C800&ssl=1 4x"},"classes":[]},{"id":2659,"url":"https:\/\/side-ways.net\/blog\/episode-11-et-si-ce-weekend-on-buvait-un-beau-vin\/","url_meta":{"origin":1475,"position":2},"title":"[Episode 11] &#x1f377;&#x1f377; Et si ce weekend on buvait un \u00ab\u00a0BEAU\u00a0\u00bb vin &#x1f377;&#x1f377; ?","author":"SideWays, la webs\u00e9rie itin\u00e9rante","date":"11 f\u00e9vrier 2019","format":false,"excerpt":"Un vin con\u00e7u avec respect, joie et amour ! C'est en quelque sorte la d\u00e9finition du vin nature que produisent Olivier et Baptiste Cousin en Anjou. --- Face \u00e0 l'industrialisation de la viticulture sur l'ensemble des \u00e9tapes de production (taille, r\u00e9colte, tri) et \u00e0 l'uniformisation du go\u00fbt des vins \u00e0\u2026","rel":"","context":"Dans &quot;Les nouvelles du projet&quot;","block_context":{"text":"Les nouvelles du projet","link":"https:\/\/side-ways.net\/blog\/category\/making-of\/les-nouvelles\/"},"img":{"alt_text":"","src":"https:\/\/i0.wp.com\/side-ways.net\/blog\/wp-content\/uploads\/2018\/12\/EP11.jpg?resize=350%2C200&ssl=1","width":350,"height":200,"srcset":"https:\/\/i0.wp.com\/side-ways.net\/blog\/wp-content\/uploads\/2018\/12\/EP11.jpg?resize=350%2C200&ssl=1 1x, https:\/\/i0.wp.com\/side-ways.net\/blog\/wp-content\/uploads\/2018\/12\/EP11.jpg?resize=525%2C300&ssl=1 1.5x, https:\/\/i0.wp.com\/side-ways.net\/blog\/wp-content\/uploads\/2018\/12\/EP11.jpg?resize=700%2C400&ssl=1 2x, https:\/\/i0.wp.com\/side-ways.net\/blog\/wp-content\/uploads\/2018\/12\/EP11.jpg?resize=1050%2C600&ssl=1 3x, https:\/\/i0.wp.com\/side-ways.net\/blog\/wp-content\/uploads\/2018\/12\/EP11.jpg?resize=1400%2C800&ssl=1 4x"},"classes":[]},{"id":5108,"url":"https:\/\/side-ways.net\/blog\/revue-de-presse-2022\/","url_meta":{"origin":1475,"position":3},"title":"Revue de presse 2022","author":"SideWays, la webs\u00e9rie itin\u00e9rante","date":"12 octobre 2022","format":false,"excerpt":"SilenceNous avons un partenariat avec Silence. Tous les mois jusqu'\u00e0 la fin de l'ann\u00e9e, nous pr\u00e9sentons un des \u00e9pisodes de la s\u00e9rie dans une chronique du journal. Le premier a \u00e9t\u00e9 publi\u00e9 dans le num\u00e9ro du mois d'avril. D\u00e9couvrir le num\u00e9ro de Silence Mr. MondialisationC'est un magnifique article sur SideWays,\u2026","rel":"","context":"Dans &quot;Revue de presse&quot;","block_context":{"text":"Revue de presse","link":"https:\/\/side-ways.net\/blog\/category\/revue-de-presse\/"},"img":{"alt_text":"","src":"https:\/\/i0.wp.com\/side-ways.net\/blog\/wp-content\/uploads\/2022\/03\/Regain-Sideways2.jpg?resize=350%2C200&ssl=1","width":350,"height":200,"srcset":"https:\/\/i0.wp.com\/side-ways.net\/blog\/wp-content\/uploads\/2022\/03\/Regain-Sideways2.jpg?resize=350%2C200&ssl=1 1x, https:\/\/i0.wp.com\/side-ways.net\/blog\/wp-content\/uploads\/2022\/03\/Regain-Sideways2.jpg?resize=525%2C300&ssl=1 1.5x, https:\/\/i0.wp.com\/side-ways.net\/blog\/wp-content\/uploads\/2022\/03\/Regain-Sideways2.jpg?resize=700%2C400&ssl=1 2x, https:\/\/i0.wp.com\/side-ways.net\/blog\/wp-content\/uploads\/2022\/03\/Regain-Sideways2.jpg?resize=1050%2C600&ssl=1 3x"},"classes":[]},{"id":1969,"url":"https:\/\/side-ways.net\/blog\/les-nouvelles-de-la-route-fevrier-2018\/","url_meta":{"origin":1475,"position":4},"title":"Les nouvelles de la route &#8211; f\u00e9vrier 2018","author":"SideWays, la webs\u00e9rie itin\u00e9rante","date":"8 mars 2018","format":false,"excerpt":"O\u00f9 sommes-nous ? Que faisons-nous ? Apr\u00e8s des semaines de travail, nous avons finalis\u00e9 une version qui nous convient de l'\u00e9pisode 10 ! Quelques jours plus tard, nous avons re\u00e7u une confirmation de la part de Vivien et Ana\u00efs, cette version est la bonne. Des ajustements seront r\u00e9alis\u00e9s en prenant\u2026","rel":"","context":"Dans &quot;Les nouvelles du projet&quot;","block_context":{"text":"Les nouvelles du projet","link":"https:\/\/side-ways.net\/blog\/category\/making-of\/les-nouvelles\/"},"img":{"alt_text":"","src":"https:\/\/i0.wp.com\/side-ways.net\/blog\/wp-content\/uploads\/2018\/02\/27982956_2033068606718213_8239213198875734717_o.jpg?resize=350%2C200&ssl=1","width":350,"height":200,"srcset":"https:\/\/i0.wp.com\/side-ways.net\/blog\/wp-content\/uploads\/2018\/02\/27982956_2033068606718213_8239213198875734717_o.jpg?resize=350%2C200&ssl=1 1x, https:\/\/i0.wp.com\/side-ways.net\/blog\/wp-content\/uploads\/2018\/02\/27982956_2033068606718213_8239213198875734717_o.jpg?resize=525%2C300&ssl=1 1.5x, https:\/\/i0.wp.com\/side-ways.net\/blog\/wp-content\/uploads\/2018\/02\/27982956_2033068606718213_8239213198875734717_o.jpg?resize=700%2C400&ssl=1 2x, https:\/\/i0.wp.com\/side-ways.net\/blog\/wp-content\/uploads\/2018\/02\/27982956_2033068606718213_8239213198875734717_o.jpg?resize=1050%2C600&ssl=1 3x"},"classes":[]},{"id":2278,"url":"https:\/\/side-ways.net\/blog\/plusieurs-articles-dans-la-depeche-a-loccasion-de-notre-tournee-dans-le-lot\/","url_meta":{"origin":1475,"position":5},"title":"Plusieurs articles dans la D\u00e9p\u00eache \u00e0 l&rsquo;occasion de notre tourn\u00e9e dans le Lot","author":"SideWays, la webs\u00e9rie itin\u00e9rante","date":"27 avril 2018","format":false,"excerpt":"Voici les trois articles publi\u00e9s dans le journal La D\u00e9p\u00eache au cours du mois d'avril : SideWays, une web s\u00e9rie itin\u00e9rante, est arriv\u00e9e dans le Lot, pour un mois (publi\u00e9 le 12 avril 2018) Lire l'article Des initiatives passionnantes en courts-m\u00e9trages (publi\u00e9 le 18 avril 2018) Lire l'article Des fa\u00e7ons\u2026","rel":"","context":"Dans &quot;Revue de presse&quot;","block_context":{"text":"Revue de presse","link":"https:\/\/side-ways.net\/blog\/category\/revue-de-presse\/"},"img":{"alt_text":"","src":"https:\/\/i0.wp.com\/side-ways.net\/blog\/wp-content\/uploads\/2018\/06\/ladepeche.png?resize=350%2C200&ssl=1","width":350,"height":200,"srcset":"https:\/\/i0.wp.com\/side-ways.net\/blog\/wp-content\/uploads\/2018\/06\/ladepeche.png?resize=350%2C200&ssl=1 1x, https:\/\/i0.wp.com\/side-ways.net\/blog\/wp-content\/uploads\/2018\/06\/ladepeche.png?resize=525%2C300&ssl=1 1.5x"},"classes":[]}],"_links":{"self":[{"href":"https:\/\/side-ways.net\/blog\/wp-json\/wp\/v2\/posts\/1475","targetHints":{"allow":["GET"]}}],"collection":[{"href":"https:\/\/side-ways.net\/blog\/wp-json\/wp\/v2\/posts"}],"about":[{"href":"https:\/\/side-ways.net\/blog\/wp-json\/wp\/v2\/types\/post"}],"author":[{"embeddable":true,"href":"https:\/\/side-ways.net\/blog\/wp-json\/wp\/v2\/users\/1"}],"replies":[{"embeddable":true,"href":"https:\/\/side-ways.net\/blog\/wp-json\/wp\/v2\/comments?post=1475"}],"version-history":[{"count":1,"href":"https:\/\/side-ways.net\/blog\/wp-json\/wp\/v2\/posts\/1475\/revisions"}],"predecessor-version":[{"id":1477,"href":"https:\/\/side-ways.net\/blog\/wp-json\/wp\/v2\/posts\/1475\/revisions\/1477"}],"wp:featuredmedia":[{"embeddable":true,"href":"https:\/\/side-ways.net\/blog\/wp-json\/wp\/v2\/media\/1476"}],"wp:attachment":[{"href":"https:\/\/side-ways.net\/blog\/wp-json\/wp\/v2\/media?parent=1475"}],"wp:term":[{"taxonomy":"category","embeddable":true,"href":"https:\/\/side-ways.net\/blog\/wp-json\/wp\/v2\/categories?post=1475"},{"taxonomy":"post_tag","embeddable":true,"href":"https:\/\/side-ways.net\/blog\/wp-json\/wp\/v2\/tags?post=1475"}],"curies":[{"name":"wp","href":"https:\/\/api.w.org\/{rel}","templated":true}]}}