{"id":1432,"date":"2017-06-12T10:01:17","date_gmt":"2017-06-12T08:01:17","guid":{"rendered":"http:\/\/side-ways.net\/blog\/?p=1432"},"modified":"2017-06-25T09:29:32","modified_gmt":"2017-06-25T07:29:32","slug":"une-chouette-interview-diffusee-sur-rcf-cette-semaine","status":"publish","type":"post","link":"https:\/\/side-ways.net\/blog\/une-chouette-interview-diffusee-sur-rcf-cette-semaine\/","title":{"rendered":"Une chouette interview diffus\u00e9e sur RCF cette semaine !"},"content":{"rendered":"<p>Catherine Mann\u00e9e est venue \u00e0 notre rencontre entre deux projections normandes pour mieux conna\u00eetre le projet. Le reportage qu&rsquo;elle a r\u00e9alis\u00e9 est peut-\u00eatre la plus chouette des interviews audio qui ait \u00e9t\u00e9 diffus\u00e9e sur la s\u00e9rie jusqu&rsquo;\u00e0 aujourd&rsquo;hui !<\/p>\n<p>On y parle des \u00e9pisodes, de rencontres, de projections, d&rsquo;une \u00ab\u00a0caravane des autres possibles\u00a0\u00bb, d&rsquo;un terrain dans les bois&#8230;<\/p>\n<p><iframe loading=\"lazy\" src=\"https:\/\/rcf.fr\/embed\/1598155\" width=\"100%\" height=\"220\" frameborder=\"0\"><\/iframe><\/p>\n<p>Le lien vers la page de RCF : <a href=\"https:\/\/rcf.fr\/actualite\/social\/sideways-la-webserie-itinerante\">https:\/\/rcf.fr\/actualite\/social\/sideways-la-webserie-itinerante<\/a><\/p>\n","protected":false},"excerpt":{"rendered":"<p>Catherine Mann\u00e9e est venue \u00e0 notre rencontre entre deux projections normandes pour mieux conna\u00eetre le projet. Le reportage qu&rsquo;elle a r\u00e9alis\u00e9 est peut-\u00eatre la plus chouette des interviews audio qui ait \u00e9t\u00e9 diffus\u00e9e sur la s\u00e9rie jusqu&rsquo;\u00e0 aujourd&rsquo;hui ! On y parle des \u00e9pisodes, de rencontres, de projections, d&rsquo;une \u00ab\u00a0caravane des autres possibles\u00a0\u00bb, d&rsquo;un terrain&hellip;&nbsp;<a href=\"https:\/\/side-ways.net\/blog\/une-chouette-interview-diffusee-sur-rcf-cette-semaine\/\" rel=\"bookmark\">Lire la suite &raquo;<span class=\"screen-reader-text\">Une chouette interview diffus\u00e9e sur RCF cette semaine !<\/span><\/a><\/p>\n","protected":false},"author":1,"featured_media":1435,"comment_status":"open","ping_status":"open","sticky":false,"template":"","format":"standard","meta":{"_uag_custom_page_level_css":"","neve_meta_sidebar":"","neve_meta_container":"","neve_meta_enable_content_width":"","neve_meta_content_width":0,"neve_meta_title_alignment":"","neve_meta_author_avatar":"","neve_post_elements_order":"","neve_meta_disable_header":"","neve_meta_disable_footer":"","neve_meta_disable_title":"","jetpack_post_was_ever_published":false,"_jetpack_newsletter_access":"","_jetpack_dont_email_post_to_subs":false,"_jetpack_newsletter_tier_id":0,"_jetpack_memberships_contains_paywalled_content":false,"_jetpack_memberships_contains_paid_content":false,"footnotes":"","jetpack_publicize_message":"","jetpack_publicize_feature_enabled":true,"jetpack_social_post_already_shared":true,"jetpack_social_options":{"image_generator_settings":{"template":"highway","default_image_id":0,"font":"","enabled":false},"version":2}},"categories":[17],"tags":[],"class_list":["post-1432","post","type-post","status-publish","format-standard","has-post-thumbnail","hentry","category-revue-de-presse"],"jetpack_publicize_connections":[],"jetpack_featured_media_url":"https:\/\/side-ways.net\/blog\/wp-content\/uploads\/2017\/06\/helene_et_benoit_sideways_0-1.jpg","uagb_featured_image_src":{"full":["https:\/\/side-ways.net\/blog\/wp-content\/uploads\/2017\/06\/helene_et_benoit_sideways_0-1.jpg",482,302,false],"thumbnail":["https:\/\/side-ways.net\/blog\/wp-content\/uploads\/2017\/06\/helene_et_benoit_sideways_0-1-150x150.jpg",150,150,true],"medium":["https:\/\/side-ways.net\/blog\/wp-content\/uploads\/2017\/06\/helene_et_benoit_sideways_0-1-300x188.jpg",300,188,true],"medium_large":["https:\/\/side-ways.net\/blog\/wp-content\/uploads\/2017\/06\/helene_et_benoit_sideways_0-1.jpg",482,302,false],"large":["https:\/\/side-ways.net\/blog\/wp-content\/uploads\/2017\/06\/helene_et_benoit_sideways_0-1.jpg",482,302,false],"1536x1536":["https:\/\/side-ways.net\/blog\/wp-content\/uploads\/2017\/06\/helene_et_benoit_sideways_0-1.jpg",482,302,false],"2048x2048":["https:\/\/side-ways.net\/blog\/wp-content\/uploads\/2017\/06\/helene_et_benoit_sideways_0-1.jpg",482,302,false],"neve-blog":["https:\/\/side-ways.net\/blog\/wp-content\/uploads\/2017\/06\/helene_et_benoit_sideways_0-1.jpg",482,302,false],"mailpoet_newsletter_max":["https:\/\/side-ways.net\/blog\/wp-content\/uploads\/2017\/06\/helene_et_benoit_sideways_0-1.jpg",482,302,false]},"uagb_author_info":{"display_name":"SideWays, la webs\u00e9rie itin\u00e9rante","author_link":"https:\/\/side-ways.net\/blog\/author\/blog_sw\/"},"uagb_comment_info":0,"uagb_excerpt":"Catherine Mann\u00e9e est venue \u00e0 notre rencontre entre deux projections normandes pour mieux conna\u00eetre le projet. Le reportage qu&rsquo;elle a r\u00e9alis\u00e9 est peut-\u00eatre la plus chouette des interviews audio qui ait \u00e9t\u00e9 diffus\u00e9e sur la s\u00e9rie jusqu&rsquo;\u00e0 aujourd&rsquo;hui ! On y parle des \u00e9pisodes, de rencontres, de projections, d&rsquo;une \u00ab\u00a0caravane des autres possibles\u00a0\u00bb, d&rsquo;un terrain&hellip;&nbsp;Lire\u2026","jetpack_sharing_enabled":true,"jetpack_shortlink":"https:\/\/wp.me\/p8l8Aa-n6","jetpack-related-posts":[{"id":1451,"url":"https:\/\/side-ways.net\/blog\/les-nouvelles-de-la-route-juin-2017\/","url_meta":{"origin":1432,"position":0},"title":"Les nouvelles de la route &#8211; juin 2017","author":"SideWays, la webs\u00e9rie itin\u00e9rante","date":"18 juin 2017","format":false,"excerpt":"Mercredi 7 juin Mini chantier participatif avec Violette et Issam ! La \u00abCaravane des Autres Possibles\u00bb se transforme tout doucement ;) #bricolage #SurLaRoute #EnNormandie Vendredi 9 juin Un article sur la projection de ce soir dans la presse quotidienne r\u00e9gionale ! (cliquez sur l'article pour le lire) Les deux Laurence\u2026","rel":"","context":"Dans &quot;Les nouvelles du projet&quot;","block_context":{"text":"Les nouvelles du projet","link":"https:\/\/side-ways.net\/blog\/category\/making-of\/les-nouvelles\/"},"img":{"alt_text":"","src":"https:\/\/i0.wp.com\/side-ways.net\/blog\/wp-content\/uploads\/2017\/06\/19401796_1715290458496031_67502925748949915_o.jpg?resize=350%2C200&ssl=1","width":350,"height":200,"srcset":"https:\/\/i0.wp.com\/side-ways.net\/blog\/wp-content\/uploads\/2017\/06\/19401796_1715290458496031_67502925748949915_o.jpg?resize=350%2C200&ssl=1 1x, https:\/\/i0.wp.com\/side-ways.net\/blog\/wp-content\/uploads\/2017\/06\/19401796_1715290458496031_67502925748949915_o.jpg?resize=525%2C300&ssl=1 1.5x, https:\/\/i0.wp.com\/side-ways.net\/blog\/wp-content\/uploads\/2017\/06\/19401796_1715290458496031_67502925748949915_o.jpg?resize=700%2C400&ssl=1 2x, https:\/\/i0.wp.com\/side-ways.net\/blog\/wp-content\/uploads\/2017\/06\/19401796_1715290458496031_67502925748949915_o.jpg?resize=1050%2C600&ssl=1 3x"},"classes":[]},{"id":1367,"url":"https:\/\/side-ways.net\/blog\/sideways-est-passe-sur-rcf\/","url_meta":{"origin":1432,"position":1},"title":"SideWays est pass\u00e9 sur RCF :-)","author":"SideWays, la webs\u00e9rie itin\u00e9rante","date":"18 mai 2017","format":false,"excerpt":"Une interview r\u00e9alis\u00e9e par Aur\u00e9lien en novembre dernier suite \u00e0 la pr\u00e9sentation de l'\u00e9pisode sur le boulanger aux Escales Documentaires de La Rochelle. Merci \u00e0 lui ! Vous pouvez \u00e9couter le podcast ici ou le retrouver en ligne sur le site de RCF Radio (d\u00e9but de l'interview \u00e0 10:40). Et\u2026","rel":"","context":"Dans &quot;Revue de presse&quot;","block_context":{"text":"Revue de presse","link":"https:\/\/side-ways.net\/blog\/category\/revue-de-presse\/"},"img":{"alt_text":"","src":"https:\/\/i0.wp.com\/side-ways.net\/blog\/wp-content\/uploads\/2017\/05\/logo.png?resize=350%2C200&ssl=1","width":350,"height":200},"classes":[]},{"id":4331,"url":"https:\/\/side-ways.net\/blog\/la-charente-libre-presente-le-cinema-ambulant\/","url_meta":{"origin":1432,"position":2},"title":"La Charente Libre pr\u00e9sente le cin\u00e9ma ambulant","author":"SideWays, la webs\u00e9rie itin\u00e9rante","date":"4 octobre 2021","format":false,"excerpt":"Toujours sur les routes avec la caravane de projections et son camion am\u00e9nag\u00e9, Benoit a rencontr\u00e9 une journaliste de la Charente Libre il y a quelques jours alors qu'il naviguait pr\u00e8s d'un fleuve. Il en est sorti un chouette article Voici aussi l'article sur le site de la Charente Libre.","rel":"","context":"Dans &quot;Revue de presse&quot;","block_context":{"text":"Revue de presse","link":"https:\/\/side-ways.net\/blog\/category\/revue-de-presse\/"},"img":{"alt_text":"","src":"https:\/\/i0.wp.com\/side-ways.net\/blog\/wp-content\/uploads\/2021\/10\/Capture-decran_2021-09-30_11-30-19.png?resize=350%2C200&ssl=1","width":350,"height":200,"srcset":"https:\/\/i0.wp.com\/side-ways.net\/blog\/wp-content\/uploads\/2021\/10\/Capture-decran_2021-09-30_11-30-19.png?resize=350%2C200&ssl=1 1x, https:\/\/i0.wp.com\/side-ways.net\/blog\/wp-content\/uploads\/2021\/10\/Capture-decran_2021-09-30_11-30-19.png?resize=525%2C300&ssl=1 1.5x, https:\/\/i0.wp.com\/side-ways.net\/blog\/wp-content\/uploads\/2021\/10\/Capture-decran_2021-09-30_11-30-19.png?resize=700%2C400&ssl=1 2x"},"classes":[]},{"id":3703,"url":"https:\/\/side-ways.net\/blog\/tournee-sideways-a-lautomne-2021\/","url_meta":{"origin":1432,"position":3},"title":"[Tourn\u00e9e automne 2021] A vos propositions !","author":"SideWays, la webs\u00e9rie itin\u00e9rante","date":"10 juin 2021","format":false,"excerpt":"La r\u00e9-ouverture progressive des lieux de vie communs, la publication du livre des \u00e9pisodes SideWays, l'envie de vous revoir, tout cela nous am\u00e8ne \u00e0 organiser une nouvelle tourn\u00e9e pour l'automne ! Vous pouvez en parler \u00e0 la m\u00e9diath\u00e8que, librairie, etc. pr\u00e8s de chez vous L'itin\u00e9raire Nous avons besoin de cr\u00e9er\u2026","rel":"","context":"Dans &quot;Les nouvelles du projet&quot;","block_context":{"text":"Les nouvelles du projet","link":"https:\/\/side-ways.net\/blog\/category\/making-of\/les-nouvelles\/"},"img":{"alt_text":"","src":"https:\/\/i0.wp.com\/side-ways.net\/blog\/wp-content\/uploads\/2020\/03\/SIDE6627-scaled.jpg?resize=350%2C200&ssl=1","width":350,"height":200,"srcset":"https:\/\/i0.wp.com\/side-ways.net\/blog\/wp-content\/uploads\/2020\/03\/SIDE6627-scaled.jpg?resize=350%2C200&ssl=1 1x, https:\/\/i0.wp.com\/side-ways.net\/blog\/wp-content\/uploads\/2020\/03\/SIDE6627-scaled.jpg?resize=525%2C300&ssl=1 1.5x, https:\/\/i0.wp.com\/side-ways.net\/blog\/wp-content\/uploads\/2020\/03\/SIDE6627-scaled.jpg?resize=700%2C400&ssl=1 2x, https:\/\/i0.wp.com\/side-ways.net\/blog\/wp-content\/uploads\/2020\/03\/SIDE6627-scaled.jpg?resize=1050%2C600&ssl=1 3x, https:\/\/i0.wp.com\/side-ways.net\/blog\/wp-content\/uploads\/2020\/03\/SIDE6627-scaled.jpg?resize=1400%2C800&ssl=1 4x"},"classes":[]},{"id":70,"url":"https:\/\/side-ways.net\/blog\/la-coroutine-est-un-chouette-espace-de-coworking\/","url_meta":{"origin":1432,"position":4},"title":"La Petite Mouette, Carnet de bord d&rsquo;une tiny house libre","author":"SideWays, la webs\u00e9rie itin\u00e9rante","date":"3 septembre 2016","format":false,"excerpt":"\u00a0 La Coroutine est un chouette espace de coworking autog\u00e9r\u00e9 \u00e0 Lille. SideWays y a pass\u00e9 pas mal de temps au d\u00e9but du projet (quand il n\u2019\u00e9tait pas encore -totalement- nomade). C\u2019est une belle \u00e9quipe, vivante, enthousiaste et pleine d\u2019imagination qui s\u2019y trouve. Dans l\u2019espace, il y a aussi un\u2026","rel":"","context":"Dans &quot;Le kiosque itin\u00e9rant&quot;","block_context":{"text":"Le kiosque itin\u00e9rant","link":"https:\/\/side-ways.net\/blog\/category\/utopies-realistes\/kiosque-de-medias-inspirants\/"},"img":{"alt_text":"","src":"https:\/\/i0.wp.com\/side-ways.net\/blog\/wp-content\/uploads\/2016\/09\/tumblr_ocmq08GQp21s98d6no1_1280.png?resize=350%2C200&ssl=1","width":350,"height":200,"srcset":"https:\/\/i0.wp.com\/side-ways.net\/blog\/wp-content\/uploads\/2016\/09\/tumblr_ocmq08GQp21s98d6no1_1280.png?resize=350%2C200&ssl=1 1x, https:\/\/i0.wp.com\/side-ways.net\/blog\/wp-content\/uploads\/2016\/09\/tumblr_ocmq08GQp21s98d6no1_1280.png?resize=525%2C300&ssl=1 1.5x, https:\/\/i0.wp.com\/side-ways.net\/blog\/wp-content\/uploads\/2016\/09\/tumblr_ocmq08GQp21s98d6no1_1280.png?resize=700%2C400&ssl=1 2x"},"classes":[]},{"id":2522,"url":"https:\/\/side-ways.net\/blog\/episode-9-la-bergerie-des-malassis-passe-a-la-tele-et-cest-chouette\/","url_meta":{"origin":1432,"position":5},"title":"[Episode 9] La Bergerie des Malassis passe \u00e0 la t\u00e9l\u00e9 (et c&rsquo;est chouette !)","author":"SideWays, la webs\u00e9rie itin\u00e9rante","date":"30 octobre 2018","format":false,"excerpt":"Un beau reportage sur\u00a0La Bergerie des Malassis\u00a0a \u00e9t\u00e9 diffus\u00e9 dans l'\u00e9mission l'Oeil et la Main sur France 5. Il est disponible en replay pendant un mois. Pour le d\u00e9couvrir, c'est par ici. Il est encore temps de signer la p\u00e9tition pour soutenir la Bergerie pour un avenir p\u00e9renne : la\u2026","rel":"","context":"Dans &quot;Bonus des \u00e9pisodes&quot;","block_context":{"text":"Bonus des \u00e9pisodes","link":"https:\/\/side-ways.net\/blog\/category\/making-of\/les-episodes\/"},"img":{"alt_text":"","src":"https:\/\/i0.wp.com\/side-ways.net\/blog\/wp-content\/uploads\/2018\/10\/12973481_10154780195983242_5709526832959457506_o.jpg?resize=350%2C200&ssl=1","width":350,"height":200,"srcset":"https:\/\/i0.wp.com\/side-ways.net\/blog\/wp-content\/uploads\/2018\/10\/12973481_10154780195983242_5709526832959457506_o.jpg?resize=350%2C200&ssl=1 1x, https:\/\/i0.wp.com\/side-ways.net\/blog\/wp-content\/uploads\/2018\/10\/12973481_10154780195983242_5709526832959457506_o.jpg?resize=525%2C300&ssl=1 1.5x, https:\/\/i0.wp.com\/side-ways.net\/blog\/wp-content\/uploads\/2018\/10\/12973481_10154780195983242_5709526832959457506_o.jpg?resize=700%2C400&ssl=1 2x, https:\/\/i0.wp.com\/side-ways.net\/blog\/wp-content\/uploads\/2018\/10\/12973481_10154780195983242_5709526832959457506_o.jpg?resize=1050%2C600&ssl=1 3x"},"classes":[]}],"_links":{"self":[{"href":"https:\/\/side-ways.net\/blog\/wp-json\/wp\/v2\/posts\/1432","targetHints":{"allow":["GET"]}}],"collection":[{"href":"https:\/\/side-ways.net\/blog\/wp-json\/wp\/v2\/posts"}],"about":[{"href":"https:\/\/side-ways.net\/blog\/wp-json\/wp\/v2\/types\/post"}],"author":[{"embeddable":true,"href":"https:\/\/side-ways.net\/blog\/wp-json\/wp\/v2\/users\/1"}],"replies":[{"embeddable":true,"href":"https:\/\/side-ways.net\/blog\/wp-json\/wp\/v2\/comments?post=1432"}],"version-history":[{"count":2,"href":"https:\/\/side-ways.net\/blog\/wp-json\/wp\/v2\/posts\/1432\/revisions"}],"predecessor-version":[{"id":1512,"href":"https:\/\/side-ways.net\/blog\/wp-json\/wp\/v2\/posts\/1432\/revisions\/1512"}],"wp:featuredmedia":[{"embeddable":true,"href":"https:\/\/side-ways.net\/blog\/wp-json\/wp\/v2\/media\/1435"}],"wp:attachment":[{"href":"https:\/\/side-ways.net\/blog\/wp-json\/wp\/v2\/media?parent=1432"}],"wp:term":[{"taxonomy":"category","embeddable":true,"href":"https:\/\/side-ways.net\/blog\/wp-json\/wp\/v2\/categories?post=1432"},{"taxonomy":"post_tag","embeddable":true,"href":"https:\/\/side-ways.net\/blog\/wp-json\/wp\/v2\/tags?post=1432"}],"curies":[{"name":"wp","href":"https:\/\/api.w.org\/{rel}","templated":true}]}}